{
    "id": 9739,
    "date": "2025-03-14T08:32:11",
    "date_gmt": "2025-03-14T06:32:11",
    "guid": {
        "rendered": "https:\/\/visitoulu.fi\/?p=9739"
    },
    "modified": "2025-09-25T15:38:18",
    "modified_gmt": "2025-09-25T12:38:18",
    "slug": "oulu2026-ohjelma",
    "status": "publish",
    "type": "post",
    "link": "https:\/\/visitoulufi-2025-10-14_10_27_17.test.cchosting.fi\/fi\/oulu2026-ohjelma\/",
    "title": {
        "rendered": "Oulu on Euroopan kulttuurip\u00e4\u00e4kaupunki 2026 \u2013 katso jo julkaistu ohjelma t\u00e4st\u00e4"
    },
    "content": {
        "rendered": "<p>Maailmanluokan el\u00e4myksi\u00e4 l\u00e4helt\u00e4, kaukaa ja kaikkialta siit\u00e4 v\u00e4list\u00e4. Tervetuloa mukaan inspiroivaan pohjoisen ja eurooppalaisen kulttuurin juhlaan!<br><br>Tutustu t\u00e4h\u00e4n menness\u00e4 julkaistuun Oulu2026-ohjelmaan t\u00e4ll\u00e4 sivulla.<\/p>\n\n\n\n<p><\/p>",
        "protected": false
    },
    "excerpt": {
        "rendered": "<p>Maailmanluokan el\u00e4myksi\u00e4 l\u00e4helt\u00e4, kaukaa ja kaikkialta siit\u00e4 v\u00e4list\u00e4. Tervetuloa mukaan inspiroivaan pohjoisen ja eurooppalaisen kulttuurin juhlaan! Tutustu t\u00e4h\u00e4n menness\u00e4 julkaistuun Oulu2026-ohjelmaan t\u00e4ll\u00e4 sivulla. [&#8230;]<\/p>\n<p><a class=\"btn btn-secondary understrap-read-more-link\" href=\"https:\/\/visitoulufi-2025-10-14_10_27_17.test.cchosting.fi\/fi\/oulu2026-ohjelma\/\">Lue lis\u00e4\u00e4&#8230;<span class=\"screen-reader-text\"> from Oulu on Euroopan kulttuurip\u00e4\u00e4kaupunki 2026 \u2013 katso jo julkaistu ohjelma t\u00e4st\u00e4<\/span><\/a><\/p>",
        "protected": false
    },
    "author": 20,
    "featured_media": 9740,
    "comment_status": "closed",
    "ping_status": "open",
    "sticky": false,
    "template": "",
    "format": "standard",
    "meta": {
        "_acf_changed": false,
        "content-type": "",
        "footnotes": ""
    },
    "categories": [
        113,
        111
    ],
    "tags": [
        198,
        197
    ],
    "coauthors": [
        178
    ],
    "class_list": [
        "post-9739",
        "post",
        "type-post",
        "status-publish",
        "format-standard",
        "has-post-thumbnail",
        "hentry",
        "category-kulttuuri",
        "category-naekoe",
        "tag-euroopan-kulttuuripaakaupunki",
        "tag-oulu2026"
    ],
    "acf": [],
    "yoast_head": "<!-- This site is optimized with the Yoast SEO plugin v26.0 - https:\/\/yoast.com\/wordpress\/plugins\/seo\/ -->\n<title>Oulu on Euroopan kulttuurip\u00e4\u00e4kaupunki 2026 \u2013 katso jo julkaistu ohjelma t\u00e4st\u00e4 - Visit Oulu<\/title>\n<meta name=\"robots\" content=\"index, follow, max-snippet:-1, max-image-preview:large, max-video-preview:-1\" \/>\n<link rel=\"canonical\" href=\"https:\/\/visitoulufi-2025-10-14_10_27_17.test.cchosting.fi\/fi\/oulu2026-ohjelma\/\" \/>\n<meta property=\"og:locale\" content=\"fi_FI\" \/>\n<meta property=\"og:type\" content=\"article\" \/>\n<meta property=\"og:title\" content=\"Oulu on Euroopan kulttuurip\u00e4\u00e4kaupunki 2026 \u2013 katso jo julkaistu ohjelma t\u00e4st\u00e4 - Visit Oulu\" \/>\n<meta property=\"og:description\" content=\"Maailmanluokan el\u00e4myksi\u00e4 l\u00e4helt\u00e4, kaukaa ja kaikkialta siit\u00e4 v\u00e4list\u00e4. Tervetuloa mukaan inspiroivaan pohjoisen ja eurooppalaisen kulttuurin juhlaan! Tutustu t\u00e4h\u00e4n menness\u00e4 julkaistuun Oulu2026-ohjelmaan t\u00e4ll\u00e4 sivulla. [...]Lue lis\u00e4\u00e4... from Oulu on Euroopan kulttuurip\u00e4\u00e4kaupunki 2026 \u2013 katso jo julkaistu ohjelma t\u00e4st\u00e4\" \/>\n<meta property=\"og:url\" content=\"https:\/\/visitoulufi-2025-10-14_10_27_17.test.cchosting.fi\/fi\/oulu2026-ohjelma\/\" \/>\n<meta property=\"og:site_name\" content=\"Visit Oulu\" \/>\n<meta property=\"article:published_time\" content=\"2025-03-14T06:32:11+00:00\" \/>\n<meta property=\"article:modified_time\" content=\"2025-09-25T12:38:18+00:00\" \/>\n<meta property=\"og:image\" content=\"https:\/\/visitoulufi-2025-10-14_10_27_17.test.cchosting.fi\/wp-content\/uploads\/2025\/03\/frozenpeoplex8a6501harritarvainen-2-scaled-1.jpg\" \/>\n\t<meta property=\"og:image:width\" content=\"2560\" \/>\n\t<meta property=\"og:image:height\" content=\"1708\" \/>\n\t<meta property=\"og:image:type\" content=\"image\/jpeg\" \/>\n<meta name=\"author\" content=\"Topi Paananen\" \/>\n<meta name=\"twitter:card\" content=\"summary_large_image\" \/>\n<meta name=\"twitter:label1\" content=\"Kirjoittanut\" \/>\n\t<meta name=\"twitter:data1\" content=\"Topi Paananen\" \/>\n\t<meta name=\"twitter:label2\" content=\"Arvioitu lukuaika\" \/>\n\t<meta name=\"twitter:data2\" content=\"7 minuuttia\" \/>\n\t<meta name=\"twitter:label3\" content=\"Written by\" \/>\n\t<meta name=\"twitter:data3\" content=\"Topi Paananen\" \/>\n<script type=\"application\/ld+json\" class=\"yoast-schema-graph\">{\"@context\":\"https:\/\/schema.org\",\"@graph\":[{\"@type\":\"WebPage\",\"@id\":\"https:\/\/visitoulufi-2025-10-14_10_27_17.test.cchosting.fi\/oulu2026-ohjelma\/\",\"url\":\"https:\/\/visitoulufi-2025-10-14_10_27_17.test.cchosting.fi\/oulu2026-ohjelma\/\",\"name\":\"Oulu on Euroopan kulttuurip\u00e4\u00e4kaupunki 2026 \u2013 katso jo julkaistu ohjelma t\u00e4st\u00e4 - Visit Oulu\",\"isPartOf\":{\"@id\":\"https:\/\/visitoulufi-2025-10-14_10_27_17.test.cchosting.fi\/#website\"},\"primaryImageOfPage\":{\"@id\":\"https:\/\/visitoulufi-2025-10-14_10_27_17.test.cchosting.fi\/oulu2026-ohjelma\/#primaryimage\"},\"image\":{\"@id\":\"https:\/\/visitoulufi-2025-10-14_10_27_17.test.cchosting.fi\/oulu2026-ohjelma\/#primaryimage\"},\"thumbnailUrl\":\"https:\/\/visitoulufi-2025-10-14_10_27_17.test.cchosting.fi\/wp-content\/uploads\/2025\/03\/frozenpeoplex8a6501harritarvainen-2-scaled-1.jpg\",\"datePublished\":\"2025-03-14T06:32:11+00:00\",\"dateModified\":\"2025-09-25T12:38:18+00:00\",\"author\":{\"@id\":\"https:\/\/visitoulufi-2025-10-14_10_27_17.test.cchosting.fi\/#\/schema\/person\/24789c89e2defd73f0b4843b3bc5a2bb\"},\"breadcrumb\":{\"@id\":\"https:\/\/visitoulufi-2025-10-14_10_27_17.test.cchosting.fi\/oulu2026-ohjelma\/#breadcrumb\"},\"inLanguage\":\"fi\",\"potentialAction\":[{\"@type\":\"ReadAction\",\"target\":[\"https:\/\/visitoulufi-2025-10-14_10_27_17.test.cchosting.fi\/oulu2026-ohjelma\/\"]}]},{\"@type\":\"ImageObject\",\"inLanguage\":\"fi\",\"@id\":\"https:\/\/visitoulufi-2025-10-14_10_27_17.test.cchosting.fi\/oulu2026-ohjelma\/#primaryimage\",\"url\":\"https:\/\/visitoulufi-2025-10-14_10_27_17.test.cchosting.fi\/wp-content\/uploads\/2025\/03\/frozenpeoplex8a6501harritarvainen-2-scaled-1.jpg\",\"contentUrl\":\"https:\/\/visitoulufi-2025-10-14_10_27_17.test.cchosting.fi\/wp-content\/uploads\/2025\/03\/frozenpeoplex8a6501harritarvainen-2-scaled-1.jpg\",\"width\":2560,\"height\":1708},{\"@type\":\"BreadcrumbList\",\"@id\":\"https:\/\/visitoulufi-2025-10-14_10_27_17.test.cchosting.fi\/oulu2026-ohjelma\/#breadcrumb\",\"itemListElement\":[{\"@type\":\"ListItem\",\"position\":1,\"name\":\"Etusivu\",\"item\":\"https:\/\/visitoulufi-2025-10-14_10_27_17.test.cchosting.fi\/\"},{\"@type\":\"ListItem\",\"position\":2,\"name\":\"Oulu on Euroopan kulttuurip\u00e4\u00e4kaupunki 2026 \u2013 katso jo julkaistu ohjelma t\u00e4st\u00e4\"}]},{\"@type\":\"WebSite\",\"@id\":\"https:\/\/visitoulufi-2025-10-14_10_27_17.test.cchosting.fi\/#website\",\"url\":\"https:\/\/visitoulufi-2025-10-14_10_27_17.test.cchosting.fi\/\",\"name\":\"Visit Oulu\",\"description\":\"\",\"potentialAction\":[{\"@type\":\"SearchAction\",\"target\":{\"@type\":\"EntryPoint\",\"urlTemplate\":\"https:\/\/visitoulufi-2025-10-14_10_27_17.test.cchosting.fi\/?s={search_term_string}\"},\"query-input\":{\"@type\":\"PropertyValueSpecification\",\"valueRequired\":true,\"valueName\":\"search_term_string\"}}],\"inLanguage\":\"fi\"},{\"@type\":\"Person\",\"@id\":\"https:\/\/visitoulufi-2025-10-14_10_27_17.test.cchosting.fi\/#\/schema\/person\/24789c89e2defd73f0b4843b3bc5a2bb\",\"name\":\"Topi Paananen\",\"image\":{\"@type\":\"ImageObject\",\"inLanguage\":\"fi\",\"@id\":\"https:\/\/visitoulufi-2025-10-14_10_27_17.test.cchosting.fi\/#\/schema\/person\/image\/194f6fc830df4f65e06b54e7bc74c470\",\"url\":\"https:\/\/secure.gravatar.com\/avatar\/1a8c1db7c84d0fd7d3b32addde273404d631d887b9d71f68a1fb74487ae566f2?s=96&d=mm&r=g\",\"contentUrl\":\"https:\/\/secure.gravatar.com\/avatar\/1a8c1db7c84d0fd7d3b32addde273404d631d887b9d71f68a1fb74487ae566f2?s=96&d=mm&r=g\",\"caption\":\"Topi Paananen\"},\"url\":\"https:\/\/visitoulufi-2025-10-14_10_27_17.test.cchosting.fi\/fi\/author\/topivisitoulu-fi\/\"}]}<\/script>\n<!-- \/ Yoast SEO plugin. -->",
    "yoast_head_json": {
        "title": "Oulu on Euroopan kulttuurip\u00e4\u00e4kaupunki 2026 \u2013 katso jo julkaistu ohjelma t\u00e4st\u00e4 - Visit Oulu",
        "robots": {
            "index": "index",
            "follow": "follow",
            "max-snippet": "max-snippet:-1",
            "max-image-preview": "max-image-preview:large",
            "max-video-preview": "max-video-preview:-1"
        },
        "canonical": "https:\/\/visitoulufi-2025-10-14_10_27_17.test.cchosting.fi\/fi\/oulu2026-ohjelma\/",
        "og_locale": "fi_FI",
        "og_type": "article",
        "og_title": "Oulu on Euroopan kulttuurip\u00e4\u00e4kaupunki 2026 \u2013 katso jo julkaistu ohjelma t\u00e4st\u00e4 - Visit Oulu",
        "og_description": "Maailmanluokan el\u00e4myksi\u00e4 l\u00e4helt\u00e4, kaukaa ja kaikkialta siit\u00e4 v\u00e4list\u00e4. Tervetuloa mukaan inspiroivaan pohjoisen ja eurooppalaisen kulttuurin juhlaan! Tutustu t\u00e4h\u00e4n menness\u00e4 julkaistuun Oulu2026-ohjelmaan t\u00e4ll\u00e4 sivulla. [...]Lue lis\u00e4\u00e4... from Oulu on Euroopan kulttuurip\u00e4\u00e4kaupunki 2026 \u2013 katso jo julkaistu ohjelma t\u00e4st\u00e4",
        "og_url": "https:\/\/visitoulufi-2025-10-14_10_27_17.test.cchosting.fi\/fi\/oulu2026-ohjelma\/",
        "og_site_name": "Visit Oulu",
        "article_published_time": "2025-03-14T06:32:11+00:00",
        "article_modified_time": "2025-09-25T12:38:18+00:00",
        "og_image": [
            {
                "width": 2560,
                "height": 1708,
                "url": "https:\/\/visitoulufi-2025-10-14_10_27_17.test.cchosting.fi\/wp-content\/uploads\/2025\/03\/frozenpeoplex8a6501harritarvainen-2-scaled-1.jpg",
                "type": "image\/jpeg"
            }
        ],
        "author": "Topi Paananen",
        "twitter_card": "summary_large_image",
        "twitter_misc": {
            "Kirjoittanut": "Topi Paananen",
            "Arvioitu lukuaika": "7 minuuttia",
            "Written by": "Topi Paananen"
        },
        "schema": {
            "@context": "https:\/\/schema.org",
            "@graph": [
                {
                    "@type": "WebPage",
                    "@id": "https:\/\/visitoulufi-2025-10-14_10_27_17.test.cchosting.fi\/oulu2026-ohjelma\/",
                    "url": "https:\/\/visitoulufi-2025-10-14_10_27_17.test.cchosting.fi\/oulu2026-ohjelma\/",
                    "name": "Oulu on Euroopan kulttuurip\u00e4\u00e4kaupunki 2026 \u2013 katso jo julkaistu ohjelma t\u00e4st\u00e4 - Visit Oulu",
                    "isPartOf": {
                        "@id": "https:\/\/visitoulufi-2025-10-14_10_27_17.test.cchosting.fi\/#website"
                    },
                    "primaryImageOfPage": {
                        "@id": "https:\/\/visitoulufi-2025-10-14_10_27_17.test.cchosting.fi\/oulu2026-ohjelma\/#primaryimage"
                    },
                    "image": {
                        "@id": "https:\/\/visitoulufi-2025-10-14_10_27_17.test.cchosting.fi\/oulu2026-ohjelma\/#primaryimage"
                    },
                    "thumbnailUrl": "https:\/\/visitoulufi-2025-10-14_10_27_17.test.cchosting.fi\/wp-content\/uploads\/2025\/03\/frozenpeoplex8a6501harritarvainen-2-scaled-1.jpg",
                    "datePublished": "2025-03-14T06:32:11+00:00",
                    "dateModified": "2025-09-25T12:38:18+00:00",
                    "author": {
                        "@id": "https:\/\/visitoulufi-2025-10-14_10_27_17.test.cchosting.fi\/#\/schema\/person\/24789c89e2defd73f0b4843b3bc5a2bb"
                    },
                    "breadcrumb": {
                        "@id": "https:\/\/visitoulufi-2025-10-14_10_27_17.test.cchosting.fi\/oulu2026-ohjelma\/#breadcrumb"
                    },
                    "inLanguage": "fi",
                    "potentialAction": [
                        {
                            "@type": "ReadAction",
                            "target": [
                                "https:\/\/visitoulufi-2025-10-14_10_27_17.test.cchosting.fi\/oulu2026-ohjelma\/"
                            ]
                        }
                    ]
                },
                {
                    "@type": "ImageObject",
                    "inLanguage": "fi",
                    "@id": "https:\/\/visitoulufi-2025-10-14_10_27_17.test.cchosting.fi\/oulu2026-ohjelma\/#primaryimage",
                    "url": "https:\/\/visitoulufi-2025-10-14_10_27_17.test.cchosting.fi\/wp-content\/uploads\/2025\/03\/frozenpeoplex8a6501harritarvainen-2-scaled-1.jpg",
                    "contentUrl": "https:\/\/visitoulufi-2025-10-14_10_27_17.test.cchosting.fi\/wp-content\/uploads\/2025\/03\/frozenpeoplex8a6501harritarvainen-2-scaled-1.jpg",
                    "width": 2560,
                    "height": 1708
                },
                {
                    "@type": "BreadcrumbList",
                    "@id": "https:\/\/visitoulufi-2025-10-14_10_27_17.test.cchosting.fi\/oulu2026-ohjelma\/#breadcrumb",
                    "itemListElement": [
                        {
                            "@type": "ListItem",
                            "position": 1,
                            "name": "Etusivu",
                            "item": "https:\/\/visitoulufi-2025-10-14_10_27_17.test.cchosting.fi\/"
                        },
                        {
                            "@type": "ListItem",
                            "position": 2,
                            "name": "Oulu on Euroopan kulttuurip\u00e4\u00e4kaupunki 2026 \u2013 katso jo julkaistu ohjelma t\u00e4st\u00e4"
                        }
                    ]
                },
                {
                    "@type": "WebSite",
                    "@id": "https:\/\/visitoulufi-2025-10-14_10_27_17.test.cchosting.fi\/#website",
                    "url": "https:\/\/visitoulufi-2025-10-14_10_27_17.test.cchosting.fi\/",
                    "name": "Visit Oulu",
                    "description": "",
                    "potentialAction": [
                        {
                            "@type": "SearchAction",
                            "target": {
                                "@type": "EntryPoint",
                                "urlTemplate": "https:\/\/visitoulufi-2025-10-14_10_27_17.test.cchosting.fi\/?s={search_term_string}"
                            },
                            "query-input": {
                                "@type": "PropertyValueSpecification",
                                "valueRequired": true,
                                "valueName": "search_term_string"
                            }
                        }
                    ],
                    "inLanguage": "fi"
                },
                {
                    "@type": "Person",
                    "@id": "https:\/\/visitoulufi-2025-10-14_10_27_17.test.cchosting.fi\/#\/schema\/person\/24789c89e2defd73f0b4843b3bc5a2bb",
                    "name": "Topi Paananen",
                    "image": {
                        "@type": "ImageObject",
                        "inLanguage": "fi",
                        "@id": "https:\/\/visitoulufi-2025-10-14_10_27_17.test.cchosting.fi\/#\/schema\/person\/image\/194f6fc830df4f65e06b54e7bc74c470",
                        "url": "https:\/\/secure.gravatar.com\/avatar\/1a8c1db7c84d0fd7d3b32addde273404d631d887b9d71f68a1fb74487ae566f2?s=96&d=mm&r=g",
                        "contentUrl": "https:\/\/secure.gravatar.com\/avatar\/1a8c1db7c84d0fd7d3b32addde273404d631d887b9d71f68a1fb74487ae566f2?s=96&d=mm&r=g",
                        "caption": "Topi Paananen"
                    },
                    "url": "https:\/\/visitoulufi-2025-10-14_10_27_17.test.cchosting.fi\/fi\/author\/topivisitoulu-fi\/"
                }
            ]
        }
    },
    "_links": {
        "self": [
            {
                "href": "https:\/\/visitoulufi-2025-10-14_10_27_17.test.cchosting.fi\/fi\/wp-json\/wp\/v2\/posts\/9739",
                "targetHints": {
                    "allow": [
                        "GET"
                    ]
                }
            }
        ],
        "collection": [
            {
                "href": "https:\/\/visitoulufi-2025-10-14_10_27_17.test.cchosting.fi\/fi\/wp-json\/wp\/v2\/posts"
            }
        ],
        "about": [
            {
                "href": "https:\/\/visitoulufi-2025-10-14_10_27_17.test.cchosting.fi\/fi\/wp-json\/wp\/v2\/types\/post"
            }
        ],
        "author": [
            {
                "embeddable": true,
                "href": "https:\/\/visitoulufi-2025-10-14_10_27_17.test.cchosting.fi\/fi\/wp-json\/wp\/v2\/users\/20"
            }
        ],
        "replies": [
            {
                "embeddable": true,
                "href": "https:\/\/visitoulufi-2025-10-14_10_27_17.test.cchosting.fi\/fi\/wp-json\/wp\/v2\/comments?post=9739"
            }
        ],
        "version-history": [
            {
                "count": 20,
                "href": "https:\/\/visitoulufi-2025-10-14_10_27_17.test.cchosting.fi\/fi\/wp-json\/wp\/v2\/posts\/9739\/revisions"
            }
        ],
        "predecessor-version": [
            {
                "id": 12484,
                "href": "https:\/\/visitoulufi-2025-10-14_10_27_17.test.cchosting.fi\/fi\/wp-json\/wp\/v2\/posts\/9739\/revisions\/12484"
            }
        ],
        "wp:featuredmedia": [
            {
                "embeddable": true,
                "href": "https:\/\/visitoulufi-2025-10-14_10_27_17.test.cchosting.fi\/fi\/wp-json\/wp\/v2\/media\/9740"
            }
        ],
        "wp:attachment": [
            {
                "href": "https:\/\/visitoulufi-2025-10-14_10_27_17.test.cchosting.fi\/fi\/wp-json\/wp\/v2\/media?parent=9739"
            }
        ],
        "wp:term": [
            {
                "taxonomy": "category",
                "embeddable": true,
                "href": "https:\/\/visitoulufi-2025-10-14_10_27_17.test.cchosting.fi\/fi\/wp-json\/wp\/v2\/categories?post=9739"
            },
            {
                "taxonomy": "post_tag",
                "embeddable": true,
                "href": "https:\/\/visitoulufi-2025-10-14_10_27_17.test.cchosting.fi\/fi\/wp-json\/wp\/v2\/tags?post=9739"
            },
            {
                "taxonomy": "author",
                "embeddable": true,
                "href": "https:\/\/visitoulufi-2025-10-14_10_27_17.test.cchosting.fi\/fi\/wp-json\/wp\/v2\/coauthors?post=9739"
            }
        ],
        "curies": [
            {
                "name": "wp",
                "href": "https:\/\/api.w.org\/{rel}",
                "templated": true
            }
        ]
    }
}